[{"@context":"https:\/\/schema.org\/","@type":"Article","@id":"https:\/\/www.ebon.sk\/mami-ja-by-som-chcel-macicku\/#Article","mainEntityOfPage":"https:\/\/www.ebon.sk\/mami-ja-by-som-chcel-macicku\/","headline":"Mam\u00ed, ja by som chcel ma\u010di\u010dku","name":"Mam\u00ed, ja by som chcel ma\u010di\u010dku","description":"Ka\u017ed\u00e9 die\u0165a raz pr\u00edde do veku, kedy za\u010dne p\u00edli\u0165 u\u0161i svojim rodi\u010dom s\u00a0prosbou o\u00a0zvieratko. Za\u010dalo va\u0161e die\u0165a pros\u00edka\u0165 o\u00a0ma\u010di\u010dku? Pozrime [&hellip;]","datePublished":"2019-08-20","dateModified":"2023-04-28","author":{"@type":"Person","@id":"https:\/\/www.ebon.sk\/author\/#Person","name":"","url":"https:\/\/www.ebon.sk\/author\/","identifier":1,"image":{"@type":"ImageObject","@id":"https:\/\/secure.gravatar.com\/avatar\/93869824c8aa580f0d16049ad31e69846ffc925e0cbb2826cc9554f53943da69?s=96&d=mm&r=g","url":"https:\/\/secure.gravatar.com\/avatar\/93869824c8aa580f0d16049ad31e69846ffc925e0cbb2826cc9554f53943da69?s=96&d=mm&r=g","height":96,"width":96}},"publisher":{"@type":"Organization","name":"ebon.sk","logo":{"@type":"ImageObject","@id":"\/logo.png","url":"\/logo.png","width":600,"height":60}},"image":{"@type":"ImageObject","@id":"https:\/\/www.ebon.sk\/wp-content\/uploads\/img_a304862_w16622_t1566229116.jpg","url":"https:\/\/www.ebon.sk\/wp-content\/uploads\/img_a304862_w16622_t1566229116.jpg","height":0,"width":0},"url":"https:\/\/www.ebon.sk\/mami-ja-by-som-chcel-macicku\/","about":["Hobby\r"],"wordCount":397,"articleBody":"\tKa\u017ed\u00e9 die\u0165a raz pr\u00edde do veku, kedy za\u010dne p\u00edli\u0165 u\u0161i svojim rodi\u010dom s\u00a0prosbou o\u00a0zvieratko. Za\u010dalo va\u0161e die\u0165a pros\u00edka\u0165 o\u00a0ma\u010di\u010dku? Pozrime sa na p\u00e1r faktov, ktor\u00e9 by mal pozna\u0165 ka\u017ed\u00fd bud\u00faci majite\u013e zvieratka \u010di ten, kto sa na chov cicky e\u0161te len chyst\u00e1.\t\tDlhovekos\u0165V\u00a0dom\u00e1cnosti sa ma\u010dky do\u017e\u00edvaj\u00fa aj p\u00e4tn\u00e1s\u0165 rokov. Samozrejme na to vpl\u00fdvaj\u00fa faktory ako stres, k\u0155menie a\u00a0dokonca aj kastr\u00e1cia. Vykastrovan\u00e9 ma\u010dky \u017eij\u00fa preuk\u00e1zate\u013ene o\u00a060% dlh\u0161ie ako ma\u010dky nekastrovan\u00e9.\u00a0 Najstar\u0161ia ma\u010dka mala 38 rokov a\u00a0\u017eila v\u00a0byte.Ma\u010dky chovan\u00e9 v\u00a0exteri\u00e9ri sa do\u017e\u00edvaj\u00fa neporovnate\u013ene menej. Na vine s\u00fa kol\u00edzie s\u00a0autami, ale aj in\u00fdmi zvieratami \u010di otravy.\t\tPovahaPovaha by mala by\u0165 ust\u00e1len\u00e1 v\u00a0r\u00e1mci plemena a\u00a0\u013eahko doh\u013eadateln\u00e1. Ma\u010dacia individualita je zn\u00e1ma, no vo v\u0161eobecnosti m\u00f4\u017eeme poveda\u0165, \u017ee s\u00fa ma\u010dky inteligentn\u00e9 a\u00a0vzne\u0161en\u00e9. Nem\u00f4\u017eete ich na seba naviaza\u0165 ako psa, s\u00fa to ve\u013emi silne individu\u00e1lne zvierat\u00e1. Aj t\u00e1to vlastnos\u0165 sa v\u0161ak l\u00ed\u0161i napriek plemenami.Ak porovn\u00e1me vn\u00fatorn\u00fa a\u00a0vonkaj\u0161iu ma\u010dku, rozdiel v\u00a0soci\u00e1lnom \u017eivote je markantn\u00fd. Preto odpor\u00fa\u010dame chova\u0165 spolu minim\u00e1lne dve ma\u010dky, ktor\u00e9 m\u00f4\u017eu navz\u00e1jom interagova\u0165 hlavne ke\u010f p\u00e1n nie je doma.\t\tSrs\u0165O\u00a0srs\u0165 dlhosrst\u00fdch ma\u010diek by sme sa mali pravidelne stara\u0165 a\u00a0tak je na mieste zv\u00e1\u017ei\u0165 ko\u013eko \u010dasu sme schopn\u00ed a\u00a0ochotn\u00ed ma\u010dacej srsti venova\u0165. Pri dlhodobom ne\u010desan\u00ed sa m\u00f4\u017eu tvori\u0165 dredy.Ma\u010dky s\u00fa ve\u013emi \u010distotn\u00e9 a\u00a0naozaj m\u00e1lokedy potrebuj\u00fa k\u00fape\u013e. Kr\u00e1tkosrst\u00e9 varianty nepotrebuj\u00fa \u010desanie v\u00f4bec.\t\tKrmivoSpotreba silno z\u00e1vis\u00ed od ve\u013ekosti ma\u010di\u010dky, ale vo v\u0161eobecnosti plat\u00ed, \u017ee ma\u010dka nesmie zosta\u0165 hladn\u00e1 (po\u0161kodila by si obli\u010dky). Je to v\u00fdlu\u010dn\u00fd m\u00e4so\u017eravec a\u00a0tak k\u00a0jeho v\u00fd\u017eive treba aj pristupova\u0165. Pri komer\u010dn\u00fdch krmiv\u00e1ch \u010d\u00edtajte zlo\u017eenie a\u00a0h\u013eadajte tak\u00e9, ktor\u00e9 obsahuje mal\u00e9 percento obiln\u00edn. Je v\u0161ak mo\u017en\u00e9 tieto mal\u00e9 \u0161elmy k\u0155mi\u0165 surov\u00fdm m\u00e4som (BARF) alebo varen\u00fdm. Varianta, ktor\u00fa zvol\u00edte je \u00faplne na v\u00e1s.                                                                                                                                                                                                                                                                                                                                                                                        3.7\/5 - (9 votes)        "},{"@context":"https:\/\/schema.org\/","@type":"BreadcrumbList","itemListElement":[{"@type":"ListItem","position":1,"name":"Mam\u00ed, ja by som chcel ma\u010di\u010dku","item":"https:\/\/www.ebon.sk\/mami-ja-by-som-chcel-macicku\/#breadcrumbitem"}]}]